{"id":1000,"date":"2020-05-01T18:29:26","date_gmt":"2020-05-01T16:29:26","guid":{"rendered":"https:\/\/independants-et-entrepreneurs.ch\/deconfinement-stage-1-vom-27-april-2020-in-der-schweiz\/"},"modified":"2020-05-01T18:29:26","modified_gmt":"2020-05-01T16:29:26","slug":"deconfinement-stage-1-vom-27-april-2020-in-der-schweiz","status":"publish","type":"post","link":"https:\/\/independants-et-entrepreneurs.ch\/de\/deconfinement-stage-1-vom-27-april-2020-in-der-schweiz\/","title":{"rendered":"Deconfinement Stage 1 vom 27. April 2020 in der Schweiz"},"content":{"rendered":"\t\t<div data-elementor-type=\"wp-post\" data-elementor-id=\"1000\" class=\"elementor elementor-1000 elementor-708\" data-elementor-post-type=\"post\">\n\t\t\t\t\t\t<section class=\"elementor-section elementor-top-section elementor-element elementor-element-6a196af elementor-section-boxed elementor-section-height-default elementor-section-height-default\" data-id=\"6a196af\" data-element_type=\"section\" data-e-type=\"section\">\n\t\t\t\t\t\t<div class=\"elementor-container elementor-column-gap-default\">\n\t\t\t\t\t<div class=\"elementor-column elementor-col-100 elementor-top-column elementor-element elementor-element-22850c2\" data-id=\"22850c2\" data-element_type=\"column\" data-e-type=\"column\">\n\t\t\t<div class=\"elementor-widget-wrap elementor-element-populated\">\n\t\t\t\t\t\t<div class=\"elementor-element elementor-element-881b758 elementor-widget elementor-widget-text-editor\" data-id=\"881b758\" data-element_type=\"widget\" data-e-type=\"widget\" data-widget_type=\"text-editor.default\">\n\t\t\t\t<div class=\"elementor-widget-container\">\n\t\t\t\t\t\t\t\t\t<p><span style=\"color: #339966;\">sind offen oder erlaubt&nbsp;<\/span><\/p>\n<ul>\n<li><span style=\"color: #339966;\">Alle Eingriffe in Krankenh\u00e4usern und anderen Gesundheitseinrichtungen<\/span><\/li>\n<li><span style=\"color: #339966;\">Arzt- und Zahnarztpraxen<\/span><\/li>\n<li><span style=\"color: #339966;\">Physiotherapie, <b>Massage<\/b><\/span><\/li>\n<li><span style=\"color: #339966;\">Friseur- und Kosmetiksalons, Sch\u00f6nheitsinstitut, Tattoo<\/span><\/li>\n<li><span style=\"color: #339966;\">Selbstbedienungseinrichtungen wie Autowaschanlagen<\/span><\/li>\n<li><span style=\"color: #339966;\">Bau- und Gartenbau, Baumschulen, Blumenladen<\/span><\/li>\n<\/ul>\n<p><span style=\"color: #ff0000;\">geschlossen oder verboten sind<\/span><\/p>\n<ul>\n<li><span style=\"color: #ff0000;\">Versammlungen von mehr als f\u00fcnf Personen<\/span><\/li>\n<li><span style=\"color: #ff0000;\">Schulen<\/span><\/li>\n<li><span style=\"color: #ff0000;\">Restaurants und Bars<\/span><\/li>\n<li><span style=\"color: #ff0000;\">Campingpl\u00e4tze<\/span><\/li>\n<li><span style=\"color: #ff0000;\">Theater, Museen, Bibliotheken<\/span><\/li>\n<li><span style=\"color: #ff0000;\">Zoologische und botanische G\u00e4rten<\/span><\/li>\n<li><span style=\"color: #ff0000;\">Pools<\/span><\/li>\n<\/ul>\n<p><span style=\"color: #ff6600;\">Die folgenden Richtlinien bleiben<\/span><\/p>\n<ul>\n<li><span style=\"color: #ff6600;\"> Halten Sie Ihre Distanz<\/span><\/li>\n<li><span style=\"color: #ff6600;\">Hygienevorschriften beachten<\/span><\/li>\n<li><span style=\"color: #ff6600;\">Zu Hause bleiben<\/span><\/li>\n<\/ul>\n<p>Stand am 22.04.2020<\/p>\n\t\t\t\t\t\t\t\t<\/div>\n\t\t\t\t<\/div>\n\t\t\t\t\t<\/div>\n\t\t<\/div>\n\t\t\t\t\t<\/div>\n\t\t<\/section>\n\t\t\t\t<\/div>\n\t\t","protected":false},"excerpt":{"rendered":"<p>sind offen oder erlaubt&nbsp; Alle Eingriffe in Krankenh\u00e4usern und anderen Gesundheitseinrichtungen Arzt- und Zahnarztpraxen Physiotherapie, Massage Friseur- und Kosmetiksalons, Sch\u00f6nheitsinstitut, Tattoo Selbstbedienungseinrichtungen wie Autowaschanlagen Bau- und Gartenbau, Baumschulen, Blumenladen geschlossen oder verboten sind Versammlungen von mehr als f\u00fcnf Personen Schulen Restaurants und Bars Campingpl\u00e4tze Theater, Museen, Bibliotheken Zoologische und botanische G\u00e4rten Pools Die folgenden Richtlinien [&hellip;]<\/p>\n","protected":false},"author":1,"featured_media":0,"comment_status":"open","ping_status":"open","sticky":false,"template":"","format":"standard","meta":{"_jetpack_newsletter_access":"","_jetpack_dont_email_post_to_subs":false,"_jetpack_newsletter_tier_id":0,"_jetpack_memberships_contains_paywalled_content":false,"_jetpack_memberships_contains_paid_content":false,"footnotes":""},"categories":[41],"tags":[],"class_list":["post-1000","post","type-post","status-publish","format-standard","hentry","category-offizielle-masnahmen"],"yoast_head":"<!-- This site is optimized with the Yoast SEO plugin v26.8 - https:\/\/yoast.com\/product\/yoast-seo-wordpress\/ -->\n<title>Deconfinement Stage 1 vom 27. April 2020 in der Schweiz - Wir sind Selbst\u00e4ndige und Unternehmer in der Schweiz<\/title>\n<meta name=\"description\" content=\"Le collectif Ind\u00e9pendants et Entrepreneurs Suisseest une plateforme d\u2019\u00e9change et d\u2019informations qui regroupe pr\u00e8s de 10&#039;000 membres, un partenaire pour les milieux politiques et socio-\u00e9conomiques ayant pour but d&#039;obtenir \u00e0 long terme une meilleure protection sociale pour les ind\u00e9pendants et dirigeants de S\u00e0rl\/SA. Le collectif a d\u2019ores et d\u00e9j\u00e0 entam\u00e9 une r\u00e9flexion en profondeur sur la soci\u00e9t\u00e9 et l\u2019\u00e9conomie, qu\u2019il s\u2019agit de mettre en place aujourd\u2019hui afin de faire \u00e9voluer un cadre l\u00e9gislatif qui a plus de 20 ans et une l\u00e9gislation discriminatoire pour les entrepreneurs \/ PME comme le d\u00e9montre cette crise sanitaire.\" \/>\n<meta name=\"robots\" content=\"noindex, follow\" \/>\n<meta property=\"og:locale\" content=\"de_DE\" \/>\n<meta property=\"og:type\" content=\"article\" \/>\n<meta property=\"og:title\" content=\"Deconfinement Stage 1 vom 27. April 2020 in der Schweiz - Wir sind Selbst\u00e4ndige und Unternehmer in der Schweiz\" \/>\n<meta property=\"og:description\" content=\"Le collectif Ind\u00e9pendants et Entrepreneurs Suisseest une plateforme d\u2019\u00e9change et d\u2019informations qui regroupe pr\u00e8s de 10&#039;000 membres, un partenaire pour les milieux politiques et socio-\u00e9conomiques ayant pour but d&#039;obtenir \u00e0 long terme une meilleure protection sociale pour les ind\u00e9pendants et dirigeants de S\u00e0rl\/SA. Le collectif a d\u2019ores et d\u00e9j\u00e0 entam\u00e9 une r\u00e9flexion en profondeur sur la soci\u00e9t\u00e9 et l\u2019\u00e9conomie, qu\u2019il s\u2019agit de mettre en place aujourd\u2019hui afin de faire \u00e9voluer un cadre l\u00e9gislatif qui a plus de 20 ans et une l\u00e9gislation discriminatoire pour les entrepreneurs \/ PME comme le d\u00e9montre cette crise sanitaire.\" \/>\n<meta property=\"og:url\" content=\"https:\/\/independants-et-entrepreneurs.ch\/de\/deconfinement-stage-1-vom-27-april-2020-in-der-schweiz\/\" \/>\n<meta property=\"og:site_name\" content=\"Wir sind Selbst\u00e4ndige und Unternehmer in der Schweiz\" \/>\n<meta property=\"article:publisher\" content=\"https:\/\/www.facebook.com\/independants.et.entrepreneurs.ch\" \/>\n<meta property=\"article:published_time\" content=\"2020-05-01T16:29:26+00:00\" \/>\n<meta property=\"og:image\" content=\"https:\/\/independants-et-entrepreneurs.ch\/wp-content\/uploads\/2020\/05\/cropped-LogoPhoto_Independants-et-Entrepreneurs.jpg\" \/>\n\t<meta property=\"og:image:width\" content=\"512\" \/>\n\t<meta property=\"og:image:height\" content=\"512\" \/>\n\t<meta property=\"og:image:type\" content=\"image\/jpeg\" \/>\n<meta name=\"author\" content=\"claude\" \/>\n<meta name=\"twitter:card\" content=\"summary_large_image\" \/>\n<meta name=\"twitter:creator\" content=\"@Independant_eCH\" \/>\n<meta name=\"twitter:site\" content=\"@Independant_eCH\" \/>\n<meta name=\"twitter:label1\" content=\"Verfasst von\" \/>\n\t<meta name=\"twitter:data1\" content=\"claude\" \/>\n<script type=\"application\/ld+json\" class=\"yoast-schema-graph\">{\"@context\":\"https:\/\/schema.org\",\"@graph\":[{\"@type\":\"Article\",\"@id\":\"https:\/\/independants-et-entrepreneurs.ch\/de\/deconfinement-stage-1-vom-27-april-2020-in-der-schweiz\/#article\",\"isPartOf\":{\"@id\":\"https:\/\/independants-et-entrepreneurs.ch\/de\/deconfinement-stage-1-vom-27-april-2020-in-der-schweiz\/\"},\"author\":{\"name\":\"claude\",\"@id\":\"https:\/\/independants-et-entrepreneurs.ch\/de\/#\/schema\/person\/5471491e485c038136cf19d7c1e78866\"},\"headline\":\"Deconfinement Stage 1 vom 27. April 2020 in der Schweiz\",\"datePublished\":\"2020-05-01T16:29:26+00:00\",\"mainEntityOfPage\":{\"@id\":\"https:\/\/independants-et-entrepreneurs.ch\/de\/deconfinement-stage-1-vom-27-april-2020-in-der-schweiz\/\"},\"wordCount\":80,\"commentCount\":0,\"publisher\":{\"@id\":\"https:\/\/independants-et-entrepreneurs.ch\/de\/#organization\"},\"articleSection\":[\"Offizielle Ma\u00dfnahmen\"],\"inLanguage\":\"de\",\"potentialAction\":[{\"@type\":\"CommentAction\",\"name\":\"Comment\",\"target\":[\"https:\/\/independants-et-entrepreneurs.ch\/de\/deconfinement-stage-1-vom-27-april-2020-in-der-schweiz\/#respond\"]}]},{\"@type\":\"WebPage\",\"@id\":\"https:\/\/independants-et-entrepreneurs.ch\/de\/deconfinement-stage-1-vom-27-april-2020-in-der-schweiz\/\",\"url\":\"https:\/\/independants-et-entrepreneurs.ch\/de\/deconfinement-stage-1-vom-27-april-2020-in-der-schweiz\/\",\"name\":\"Deconfinement Stage 1 vom 27. April 2020 in der Schweiz - Wir sind Selbst\u00e4ndige und Unternehmer in der Schweiz\",\"isPartOf\":{\"@id\":\"https:\/\/independants-et-entrepreneurs.ch\/de\/#website\"},\"datePublished\":\"2020-05-01T16:29:26+00:00\",\"description\":\"Le collectif Ind\u00e9pendants et Entrepreneurs Suisseest une plateforme d\u2019\u00e9change et d\u2019informations qui regroupe pr\u00e8s de 10'000 membres, un partenaire pour les milieux politiques et socio-\u00e9conomiques ayant pour but d'obtenir \u00e0 long terme une meilleure protection sociale pour les ind\u00e9pendants et dirigeants de S\u00e0rl\/SA. Le collectif a d\u2019ores et d\u00e9j\u00e0 entam\u00e9 une r\u00e9flexion en profondeur sur la soci\u00e9t\u00e9 et l\u2019\u00e9conomie, qu\u2019il s\u2019agit de mettre en place aujourd\u2019hui afin de faire \u00e9voluer un cadre l\u00e9gislatif qui a plus de 20 ans et une l\u00e9gislation discriminatoire pour les entrepreneurs \/ PME comme le d\u00e9montre cette crise sanitaire.\",\"breadcrumb\":{\"@id\":\"https:\/\/independants-et-entrepreneurs.ch\/de\/deconfinement-stage-1-vom-27-april-2020-in-der-schweiz\/#breadcrumb\"},\"inLanguage\":\"de\",\"potentialAction\":[{\"@type\":\"ReadAction\",\"target\":[\"https:\/\/independants-et-entrepreneurs.ch\/de\/deconfinement-stage-1-vom-27-april-2020-in-der-schweiz\/\"]}]},{\"@type\":\"BreadcrumbList\",\"@id\":\"https:\/\/independants-et-entrepreneurs.ch\/de\/deconfinement-stage-1-vom-27-april-2020-in-der-schweiz\/#breadcrumb\",\"itemListElement\":[{\"@type\":\"ListItem\",\"position\":1,\"name\":\"Accueil\",\"item\":\"https:\/\/independants-et-entrepreneurs.ch\/de\/\"},{\"@type\":\"ListItem\",\"position\":2,\"name\":\"Deconfinement Stage 1 vom 27. April 2020 in der Schweiz\"}]},{\"@type\":\"WebSite\",\"@id\":\"https:\/\/independants-et-entrepreneurs.ch\/de\/#website\",\"url\":\"https:\/\/independants-et-entrepreneurs.ch\/de\/\",\"name\":\"Wir sind Selbst\u00e4ndige und Unternehmer in der Schweiz\",\"description\":\"une plateforme de communication pour le monde politique, \u00e9conomique, et m\u00e9diatique\",\"publisher\":{\"@id\":\"https:\/\/independants-et-entrepreneurs.ch\/de\/#organization\"},\"inLanguage\":\"de\"},{\"@type\":\"Organization\",\"@id\":\"https:\/\/independants-et-entrepreneurs.ch\/de\/#organization\",\"name\":\"Ind\u00e9pendants et Entrepreneurs en Suisse\",\"url\":\"https:\/\/independants-et-entrepreneurs.ch\/de\/\",\"logo\":{\"@type\":\"ImageObject\",\"inLanguage\":\"de\",\"@id\":\"https:\/\/independants-et-entrepreneurs.ch\/de\/#\/schema\/logo\/image\/\",\"url\":\"https:\/\/i0.wp.com\/independants-et-entrepreneurs.ch\/wp-content\/uploads\/2020\/05\/cropped-LogoPhoto_Independants-et-Entrepreneurs.jpg?fit=512%2C512&ssl=1\",\"contentUrl\":\"https:\/\/i0.wp.com\/independants-et-entrepreneurs.ch\/wp-content\/uploads\/2020\/05\/cropped-LogoPhoto_Independants-et-Entrepreneurs.jpg?fit=512%2C512&ssl=1\",\"width\":512,\"height\":512,\"caption\":\"Ind\u00e9pendants et Entrepreneurs en Suisse\"},\"image\":{\"@id\":\"https:\/\/independants-et-entrepreneurs.ch\/de\/#\/schema\/logo\/image\/\"},\"sameAs\":[\"https:\/\/www.facebook.com\/independants.et.entrepreneurs.ch\",\"https:\/\/x.com\/Independant_eCH\",\"https:\/\/www.instagram.com\/independants_et_entrepreneurs\",\"https:\/\/www.linkedin.com\/company\/independants-et-entrepreneurs-ch\",\"https:\/\/www.youtube.com\/channel\/UCkegkScKycSq81wtnbaZHEA\"]},{\"@type\":\"Person\",\"@id\":\"https:\/\/independants-et-entrepreneurs.ch\/de\/#\/schema\/person\/5471491e485c038136cf19d7c1e78866\",\"name\":\"claude\",\"image\":{\"@type\":\"ImageObject\",\"inLanguage\":\"de\",\"@id\":\"https:\/\/independants-et-entrepreneurs.ch\/de\/#\/schema\/person\/image\/\",\"url\":\"https:\/\/secure.gravatar.com\/avatar\/6608f6d1d34e7245a6eb88f9787a1d99?s=96&d=mm&r=g\",\"contentUrl\":\"https:\/\/secure.gravatar.com\/avatar\/6608f6d1d34e7245a6eb88f9787a1d99?s=96&d=mm&r=g\",\"caption\":\"claude\"},\"sameAs\":[\"https:\/\/claude.christophi.org\"],\"url\":\"https:\/\/independants-et-entrepreneurs.ch\/de\/author\/claude\/\"}]}<\/script>\n<!-- \/ Yoast SEO plugin. -->","yoast_head_json":{"title":"Deconfinement Stage 1 vom 27. April 2020 in der Schweiz - Wir sind Selbst\u00e4ndige und Unternehmer in der Schweiz","description":"Le collectif Ind\u00e9pendants et Entrepreneurs Suisseest une plateforme d\u2019\u00e9change et d\u2019informations qui regroupe pr\u00e8s de 10'000 membres, un partenaire pour les milieux politiques et socio-\u00e9conomiques ayant pour but d'obtenir \u00e0 long terme une meilleure protection sociale pour les ind\u00e9pendants et dirigeants de S\u00e0rl\/SA. Le collectif a d\u2019ores et d\u00e9j\u00e0 entam\u00e9 une r\u00e9flexion en profondeur sur la soci\u00e9t\u00e9 et l\u2019\u00e9conomie, qu\u2019il s\u2019agit de mettre en place aujourd\u2019hui afin de faire \u00e9voluer un cadre l\u00e9gislatif qui a plus de 20 ans et une l\u00e9gislation discriminatoire pour les entrepreneurs \/ PME comme le d\u00e9montre cette crise sanitaire.","robots":{"index":"noindex","follow":"follow"},"og_locale":"de_DE","og_type":"article","og_title":"Deconfinement Stage 1 vom 27. April 2020 in der Schweiz - Wir sind Selbst\u00e4ndige und Unternehmer in der Schweiz","og_description":"Le collectif Ind\u00e9pendants et Entrepreneurs Suisseest une plateforme d\u2019\u00e9change et d\u2019informations qui regroupe pr\u00e8s de 10'000 membres, un partenaire pour les milieux politiques et socio-\u00e9conomiques ayant pour but d'obtenir \u00e0 long terme une meilleure protection sociale pour les ind\u00e9pendants et dirigeants de S\u00e0rl\/SA. Le collectif a d\u2019ores et d\u00e9j\u00e0 entam\u00e9 une r\u00e9flexion en profondeur sur la soci\u00e9t\u00e9 et l\u2019\u00e9conomie, qu\u2019il s\u2019agit de mettre en place aujourd\u2019hui afin de faire \u00e9voluer un cadre l\u00e9gislatif qui a plus de 20 ans et une l\u00e9gislation discriminatoire pour les entrepreneurs \/ PME comme le d\u00e9montre cette crise sanitaire.","og_url":"https:\/\/independants-et-entrepreneurs.ch\/de\/deconfinement-stage-1-vom-27-april-2020-in-der-schweiz\/","og_site_name":"Wir sind Selbst\u00e4ndige und Unternehmer in der Schweiz","article_publisher":"https:\/\/www.facebook.com\/independants.et.entrepreneurs.ch","article_published_time":"2020-05-01T16:29:26+00:00","og_image":[{"width":512,"height":512,"url":"https:\/\/independants-et-entrepreneurs.ch\/wp-content\/uploads\/2020\/05\/cropped-LogoPhoto_Independants-et-Entrepreneurs.jpg","type":"image\/jpeg"}],"author":"claude","twitter_card":"summary_large_image","twitter_creator":"@Independant_eCH","twitter_site":"@Independant_eCH","twitter_misc":{"Verfasst von":"claude"},"schema":{"@context":"https:\/\/schema.org","@graph":[{"@type":"Article","@id":"https:\/\/independants-et-entrepreneurs.ch\/de\/deconfinement-stage-1-vom-27-april-2020-in-der-schweiz\/#article","isPartOf":{"@id":"https:\/\/independants-et-entrepreneurs.ch\/de\/deconfinement-stage-1-vom-27-april-2020-in-der-schweiz\/"},"author":{"name":"claude","@id":"https:\/\/independants-et-entrepreneurs.ch\/de\/#\/schema\/person\/5471491e485c038136cf19d7c1e78866"},"headline":"Deconfinement Stage 1 vom 27. April 2020 in der Schweiz","datePublished":"2020-05-01T16:29:26+00:00","mainEntityOfPage":{"@id":"https:\/\/independants-et-entrepreneurs.ch\/de\/deconfinement-stage-1-vom-27-april-2020-in-der-schweiz\/"},"wordCount":80,"commentCount":0,"publisher":{"@id":"https:\/\/independants-et-entrepreneurs.ch\/de\/#organization"},"articleSection":["Offizielle Ma\u00dfnahmen"],"inLanguage":"de","potentialAction":[{"@type":"CommentAction","name":"Comment","target":["https:\/\/independants-et-entrepreneurs.ch\/de\/deconfinement-stage-1-vom-27-april-2020-in-der-schweiz\/#respond"]}]},{"@type":"WebPage","@id":"https:\/\/independants-et-entrepreneurs.ch\/de\/deconfinement-stage-1-vom-27-april-2020-in-der-schweiz\/","url":"https:\/\/independants-et-entrepreneurs.ch\/de\/deconfinement-stage-1-vom-27-april-2020-in-der-schweiz\/","name":"Deconfinement Stage 1 vom 27. April 2020 in der Schweiz - Wir sind Selbst\u00e4ndige und Unternehmer in der Schweiz","isPartOf":{"@id":"https:\/\/independants-et-entrepreneurs.ch\/de\/#website"},"datePublished":"2020-05-01T16:29:26+00:00","description":"Le collectif Ind\u00e9pendants et Entrepreneurs Suisseest une plateforme d\u2019\u00e9change et d\u2019informations qui regroupe pr\u00e8s de 10'000 membres, un partenaire pour les milieux politiques et socio-\u00e9conomiques ayant pour but d'obtenir \u00e0 long terme une meilleure protection sociale pour les ind\u00e9pendants et dirigeants de S\u00e0rl\/SA. Le collectif a d\u2019ores et d\u00e9j\u00e0 entam\u00e9 une r\u00e9flexion en profondeur sur la soci\u00e9t\u00e9 et l\u2019\u00e9conomie, qu\u2019il s\u2019agit de mettre en place aujourd\u2019hui afin de faire \u00e9voluer un cadre l\u00e9gislatif qui a plus de 20 ans et une l\u00e9gislation discriminatoire pour les entrepreneurs \/ PME comme le d\u00e9montre cette crise sanitaire.","breadcrumb":{"@id":"https:\/\/independants-et-entrepreneurs.ch\/de\/deconfinement-stage-1-vom-27-april-2020-in-der-schweiz\/#breadcrumb"},"inLanguage":"de","potentialAction":[{"@type":"ReadAction","target":["https:\/\/independants-et-entrepreneurs.ch\/de\/deconfinement-stage-1-vom-27-april-2020-in-der-schweiz\/"]}]},{"@type":"BreadcrumbList","@id":"https:\/\/independants-et-entrepreneurs.ch\/de\/deconfinement-stage-1-vom-27-april-2020-in-der-schweiz\/#breadcrumb","itemListElement":[{"@type":"ListItem","position":1,"name":"Accueil","item":"https:\/\/independants-et-entrepreneurs.ch\/de\/"},{"@type":"ListItem","position":2,"name":"Deconfinement Stage 1 vom 27. April 2020 in der Schweiz"}]},{"@type":"WebSite","@id":"https:\/\/independants-et-entrepreneurs.ch\/de\/#website","url":"https:\/\/independants-et-entrepreneurs.ch\/de\/","name":"Wir sind Selbst\u00e4ndige und Unternehmer in der Schweiz","description":"une plateforme de communication pour le monde politique, \u00e9conomique, et m\u00e9diatique","publisher":{"@id":"https:\/\/independants-et-entrepreneurs.ch\/de\/#organization"},"inLanguage":"de"},{"@type":"Organization","@id":"https:\/\/independants-et-entrepreneurs.ch\/de\/#organization","name":"Ind\u00e9pendants et Entrepreneurs en Suisse","url":"https:\/\/independants-et-entrepreneurs.ch\/de\/","logo":{"@type":"ImageObject","inLanguage":"de","@id":"https:\/\/independants-et-entrepreneurs.ch\/de\/#\/schema\/logo\/image\/","url":"https:\/\/i0.wp.com\/independants-et-entrepreneurs.ch\/wp-content\/uploads\/2020\/05\/cropped-LogoPhoto_Independants-et-Entrepreneurs.jpg?fit=512%2C512&ssl=1","contentUrl":"https:\/\/i0.wp.com\/independants-et-entrepreneurs.ch\/wp-content\/uploads\/2020\/05\/cropped-LogoPhoto_Independants-et-Entrepreneurs.jpg?fit=512%2C512&ssl=1","width":512,"height":512,"caption":"Ind\u00e9pendants et Entrepreneurs en Suisse"},"image":{"@id":"https:\/\/independants-et-entrepreneurs.ch\/de\/#\/schema\/logo\/image\/"},"sameAs":["https:\/\/www.facebook.com\/independants.et.entrepreneurs.ch","https:\/\/x.com\/Independant_eCH","https:\/\/www.instagram.com\/independants_et_entrepreneurs","https:\/\/www.linkedin.com\/company\/independants-et-entrepreneurs-ch","https:\/\/www.youtube.com\/channel\/UCkegkScKycSq81wtnbaZHEA"]},{"@type":"Person","@id":"https:\/\/independants-et-entrepreneurs.ch\/de\/#\/schema\/person\/5471491e485c038136cf19d7c1e78866","name":"claude","image":{"@type":"ImageObject","inLanguage":"de","@id":"https:\/\/independants-et-entrepreneurs.ch\/de\/#\/schema\/person\/image\/","url":"https:\/\/secure.gravatar.com\/avatar\/6608f6d1d34e7245a6eb88f9787a1d99?s=96&d=mm&r=g","contentUrl":"https:\/\/secure.gravatar.com\/avatar\/6608f6d1d34e7245a6eb88f9787a1d99?s=96&d=mm&r=g","caption":"claude"},"sameAs":["https:\/\/claude.christophi.org"],"url":"https:\/\/independants-et-entrepreneurs.ch\/de\/author\/claude\/"}]}},"jetpack_featured_media_url":"","jetpack_sharing_enabled":true,"jetpack_likes_enabled":true,"_links":{"self":[{"href":"https:\/\/independants-et-entrepreneurs.ch\/de\/wp-json\/wp\/v2\/posts\/1000","targetHints":{"allow":["GET"]}}],"collection":[{"href":"https:\/\/independants-et-entrepreneurs.ch\/de\/wp-json\/wp\/v2\/posts"}],"about":[{"href":"https:\/\/independants-et-entrepreneurs.ch\/de\/wp-json\/wp\/v2\/types\/post"}],"author":[{"embeddable":true,"href":"https:\/\/independants-et-entrepreneurs.ch\/de\/wp-json\/wp\/v2\/users\/1"}],"replies":[{"embeddable":true,"href":"https:\/\/independants-et-entrepreneurs.ch\/de\/wp-json\/wp\/v2\/comments?post=1000"}],"version-history":[{"count":1,"href":"https:\/\/independants-et-entrepreneurs.ch\/de\/wp-json\/wp\/v2\/posts\/1000\/revisions"}],"predecessor-version":[{"id":1001,"href":"https:\/\/independants-et-entrepreneurs.ch\/de\/wp-json\/wp\/v2\/posts\/1000\/revisions\/1001"}],"wp:attachment":[{"href":"https:\/\/independants-et-entrepreneurs.ch\/de\/wp-json\/wp\/v2\/media?parent=1000"}],"wp:term":[{"taxonomy":"category","embeddable":true,"href":"https:\/\/independants-et-entrepreneurs.ch\/de\/wp-json\/wp\/v2\/categories?post=1000"},{"taxonomy":"post_tag","embeddable":true,"href":"https:\/\/independants-et-entrepreneurs.ch\/de\/wp-json\/wp\/v2\/tags?post=1000"}],"curies":[{"name":"wp","href":"https:\/\/api.w.org\/{rel}","templated":true}]}}